{"id":1050,"date":"2022-10-01T16:18:15","date_gmt":"2022-10-01T16:18:15","guid":{"rendered":"http:\/\/ac-einigkeit-elmshorn.de\/?p=1050"},"modified":"2022-10-01T16:24:18","modified_gmt":"2022-10-01T16:24:18","slug":"nachruf-fuer-zeki-yuecel","status":"publish","type":"post","link":"http:\/\/ac-einigkeit-elmshorn.de\/?p=1050","title":{"rendered":"Nachruf f\u00fcr Zeki Y\u00fccel"},"content":{"rendered":"<p><!-- @page { margin: 2cm } P { margin-bottom: 0.21cm } --><\/p>\n<p align=\"CENTER\"><span style=\"font-family: Arial, sans-serif\"><b>Nachruf<\/b><\/span><\/p>\n<p align=\"CENTER\"><span style=\"font-family: Arial, sans-serif\">Am 01.08.2022 verstarb in Elmshorn unser langj\u00e4hriges Mitglied<\/span><\/p>\n<p align=\"CENTER\"><span style=\"font-family: Arial, sans-serif\"><span style=\"font-size: large\"><b>Zeki Y\u00fccel<\/b><\/span>.<\/span><\/p>\n<p align=\"CENTER\"><span style=\"font-family: Arial, sans-serif\">Vater Aydin Y\u00fccel nahm seinen am 18.02.1964 in der T\u00fcrkei geborene Sohn mit zum Boxtraining im AC Einigkeit Elmshorn. Am 19.11.1974 begann die Mitgliedschaft. Kurze Zeit sp\u00e4ter gesellte sich auch Zekis j\u00fcngerer Bruder Zekeriya zu der Trainingsgruppe.<\/span><\/p>\n<p align=\"CENTER\"><span style=\"font-family: Arial, sans-serif\">In den Jahren 1977, 1978 und 1980 setzte sich der junge Boxer in seiner jeweiligen Alters- und Gewichtsklasse bei den Hamburger Boxlandesmeisterschaften durch. <\/span><\/p>\n<p align=\"CENTER\"><span style=\"font-family: Arial, sans-serif\">Zeki Y\u00fccel zeigte sich als \u00e4u\u00dferst talentierter Boxer, opferte leider nach seinem letzten Meisterschaftserfolg nicht die erforderliche Zeit f\u00fcr m\u00f6gliche h\u00f6here sportliche Ziele. Und da gab es eine Menge Hoffnungen!<\/span><\/p>\n<p align=\"CENTER\"><span style=\"font-family: Arial, sans-serif\">Wir, insbesondere aber die \u00e4lteren Boxer<\/span><\/p>\n<p align=\"CENTER\"><span style=\"font-family: Arial, sans-serif\">und Vorstandskollegen, werden Dich<\/span><\/p>\n<p align=\"CENTER\"><span style=\"font-family: Arial, sans-serif\">in guter Erinnerung behalten.<\/span><\/p>\n<p align=\"CENTER\"><span style=\"font-family: Arial, sans-serif\">Herzliches Beileid f\u00fcr Deine Familienangeh\u00f6rigen!<\/span><\/p>\n<p align=\"CENTER\"><span style=\"font-family: Arial, sans-serif\">Hartmut Rex\/1. Vorsitzender<\/span><\/p>\n","protected":false},"excerpt":{"rendered":"<p>Nachruf Am 01.08.2022 verstarb in Elmshorn unser langj\u00e4hriges Mitglied Zeki Y\u00fccel. Vater Aydin Y\u00fccel nahm seinen am 18.02.1964 in der T\u00fcrkei geborene Sohn mit zum Boxtraining im AC Einigkeit Elmshorn. Am 19.11.1974 begann die Mitgliedschaft. Kurze Zeit sp\u00e4ter gesellte sich auch Zekis j\u00fcngerer Bruder Zekeriya zu der Trainingsgruppe. In den Jahren 1977, 1978 und 1980 &hellip; <a href=\"http:\/\/ac-einigkeit-elmshorn.de\/?p=1050\" class=\"more-link\"><span class=\"screen-reader-text\">&#8222;Nachruf f\u00fcr Zeki Y\u00fccel&#8220; <\/span>weiterlesen<\/a><\/p>\n","protected":false},"author":2,"featured_media":0,"comment_status":"closed","ping_status":"closed","sticky":false,"template":"","format":"standard","meta":{"footnotes":""},"categories":[2],"tags":[],"class_list":["post-1050","post","type-post","status-publish","format-standard","hentry","category-nachrichten"],"_links":{"self":[{"href":"http:\/\/ac-einigkeit-elmshorn.de\/index.php?rest_route=\/wp\/v2\/posts\/1050"}],"collection":[{"href":"http:\/\/ac-einigkeit-elmshorn.de\/index.php?rest_route=\/wp\/v2\/posts"}],"about":[{"href":"http:\/\/ac-einigkeit-elmshorn.de\/index.php?rest_route=\/wp\/v2\/types\/post"}],"author":[{"embeddable":true,"href":"http:\/\/ac-einigkeit-elmshorn.de\/index.php?rest_route=\/wp\/v2\/users\/2"}],"replies":[{"embeddable":true,"href":"http:\/\/ac-einigkeit-elmshorn.de\/index.php?rest_route=%2Fwp%2Fv2%2Fcomments&post=1050"}],"version-history":[{"count":4,"href":"http:\/\/ac-einigkeit-elmshorn.de\/index.php?rest_route=\/wp\/v2\/posts\/1050\/revisions"}],"predecessor-version":[{"id":1054,"href":"http:\/\/ac-einigkeit-elmshorn.de\/index.php?rest_route=\/wp\/v2\/posts\/1050\/revisions\/1054"}],"wp:attachment":[{"href":"http:\/\/ac-einigkeit-elmshorn.de\/index.php?rest_route=%2Fwp%2Fv2%2Fmedia&parent=1050"}],"wp:term":[{"taxonomy":"category","embeddable":true,"href":"http:\/\/ac-einigkeit-elmshorn.de\/index.php?rest_route=%2Fwp%2Fv2%2Fcategories&post=1050"},{"taxonomy":"post_tag","embeddable":true,"href":"http:\/\/ac-einigkeit-elmshorn.de\/index.php?rest_route=%2Fwp%2Fv2%2Ftags&post=1050"}],"curies":[{"name":"wp","href":"https:\/\/api.w.org\/{rel}","templated":true}]}}