{"id":1113,"date":"2023-11-20T18:03:39","date_gmt":"2023-11-20T18:03:39","guid":{"rendered":"http:\/\/ac-einigkeit-elmshorn.de\/?p=1113"},"modified":"2023-11-20T18:03:39","modified_gmt":"2023-11-20T18:03:39","slug":"aktionen-der-boxjugend-in-2023","status":"publish","type":"post","link":"http:\/\/ac-einigkeit-elmshorn.de\/?p=1113","title":{"rendered":"Aktionen der Boxjugend in 2023!"},"content":{"rendered":"<p>\t<!--\n\t\t@page { margin: 2cm }\n\t\tP { margin-bottom: 0.21cm }\n\t--><\/p>\n<p><span style=\"font-family: Arial, sans-serif\">Im M\u00e4rz dieses Jahres rief die Stadt Elmshorn zur Mitmachaktion \u201eElmshorn macht Putz\u201c auf. Die Boxjugend des AC Einigkeit Elmshorn \u00fcbernahm die Aufgabe, den Rudolf-Diesel-Sportplatz von M\u00fcll zu befreien.<\/span><\/p>\n<p><span style=\"font-family: Arial, sans-serif\">Die Kinderboxgruppe traf sich zu diesem Anlass. Die winterlichen Verh\u00e4ltnisse an diesem Tag waren derart, dass \u00e4u\u00dferst eingeschr\u00e4nkt die M\u00fcllsammelaktion verwirklicht werden konnte. Zus\u00e4tzlich fanden die Teilnehmer der Putzaktion reichlich Gespr\u00e4chsstoff und M\u00f6glichkeiten zum Spielen.<\/span><\/p>\n<p><span style=\"font-family: Arial, sans-serif\">Den Abschluss bildete eine gem\u00fctliche Runde bei Geb\u00e4ck und Getr\u00e4nken.<\/span><\/p>\n<figure id=\"attachment_1114\" aria-describedby=\"caption-attachment-1114\" style=\"width: 300px\" class=\"wp-caption alignnone\"><a href=\"http:\/\/ac-einigkeit-elmshorn.de\/wp-content\/uploads\/2023\/11\/Foto-1.jpg\"><img loading=\"lazy\" decoding=\"async\" class=\"size-medium wp-image-1114\" src=\"http:\/\/ac-einigkeit-elmshorn.de\/wp-content\/uploads\/2023\/11\/Foto-1-300x287.jpg\" alt=\"Sie waren dabei bei der Putzaktion! \" width=\"300\" height=\"287\" srcset=\"http:\/\/ac-einigkeit-elmshorn.de\/wp-content\/uploads\/2023\/11\/Foto-1-300x287.jpg 300w, http:\/\/ac-einigkeit-elmshorn.de\/wp-content\/uploads\/2023\/11\/Foto-1-768x735.jpg 768w, http:\/\/ac-einigkeit-elmshorn.de\/wp-content\/uploads\/2023\/11\/Foto-1-1024x980.jpg 1024w, http:\/\/ac-einigkeit-elmshorn.de\/wp-content\/uploads\/2023\/11\/Foto-1-1200x1149.jpg 1200w, http:\/\/ac-einigkeit-elmshorn.de\/wp-content\/uploads\/2023\/11\/Foto-1.jpg 1592w\" sizes=\"(max-width: 300px) 85vw, 300px\" \/><\/a><figcaption id=\"caption-attachment-1114\" class=\"wp-caption-text\">Sie waren bei der Putzaktion dabei!<\/figcaption><\/figure>\n<p align=\"LEFT\"><span style=\"font-family: Arial, sans-serif\"><span style=\"font-size: medium\"> Vor den Sommerferien unternahm die Kindertrainingsgruppe einen Tagesausflug zum Stadtpark Norderstedt. Ein wundersch\u00f6nes Ziel f\u00fcr Familien mit Kindern und Jugendgruppen. <\/span><\/span><\/p>\n<p align=\"LEFT\"><span style=\"font-family: Arial, sans-serif\"><span style=\"font-size: medium\"> Ein ausgedehnter Spaziergang wurde letztlich immer wieder unterbrochen, und zwar durch Nutzung der vielen Spielgelegenheiten und der Beobachtung der Natur. <\/span><\/span><\/p>\n<p align=\"LEFT\"><span style=\"font-family: Arial, sans-serif\"><span style=\"font-size: medium\"> Das in der Veranstaltungsausschreibung angek\u00fcndigte Minigolfturnier fand bei allen Teilnehmern Anklang. <\/span><\/span><\/p>\n<p align=\"LEFT\"><span style=\"font-family: Arial, sans-serif\"><span style=\"font-size: medium\">Eine St\u00e4rkung zur Mittagszeit und zum Abschluss nach dem Rundgang um den See, verbunden mit der Nutzung der Riesenschaukel, rundete das Tageserlebnis richtig gut ab.<\/span><\/span><\/p>\n<figure id=\"attachment_1115\" aria-describedby=\"caption-attachment-1115\" style=\"width: 217px\" class=\"wp-caption alignnone\"><a href=\"http:\/\/ac-einigkeit-elmshorn.de\/wp-content\/uploads\/2023\/11\/die-Kinder-Hartmut-R.-08.jpg\"><img loading=\"lazy\" decoding=\"async\" class=\"size-medium wp-image-1115\" src=\"http:\/\/ac-einigkeit-elmshorn.de\/wp-content\/uploads\/2023\/11\/die-Kinder-Hartmut-R.-08-217x300.jpg\" alt=\"Stadtpark Norderstedt: Die Sonne hatte es gut mit uns gemeint!\" width=\"217\" height=\"300\" srcset=\"http:\/\/ac-einigkeit-elmshorn.de\/wp-content\/uploads\/2023\/11\/die-Kinder-Hartmut-R.-08-217x300.jpg 217w, http:\/\/ac-einigkeit-elmshorn.de\/wp-content\/uploads\/2023\/11\/die-Kinder-Hartmut-R.-08-768x1064.jpg 768w, http:\/\/ac-einigkeit-elmshorn.de\/wp-content\/uploads\/2023\/11\/die-Kinder-Hartmut-R.-08-739x1024.jpg 739w, http:\/\/ac-einigkeit-elmshorn.de\/wp-content\/uploads\/2023\/11\/die-Kinder-Hartmut-R.-08.jpg 1000w\" sizes=\"(max-width: 217px) 85vw, 217px\" \/><\/a><figcaption id=\"caption-attachment-1115\" class=\"wp-caption-text\">Stadtpark Norderstedt:<br \/>Die Sonne hatte es gut mit uns gemeint!<\/figcaption><\/figure>\n<p>(beide Fotos vom ACE)<\/p>\n<p><span style=\"font-family: Arial, sans-serif\"><span style=\"font-size: xx-small\">Hartmut Rex<\/span><\/span><\/p>\n","protected":false},"excerpt":{"rendered":"<p>Im M\u00e4rz dieses Jahres rief die Stadt Elmshorn zur Mitmachaktion \u201eElmshorn macht Putz\u201c auf. Die Boxjugend des AC Einigkeit Elmshorn \u00fcbernahm die Aufgabe, den Rudolf-Diesel-Sportplatz von M\u00fcll zu befreien. Die Kinderboxgruppe traf sich zu diesem Anlass. Die winterlichen Verh\u00e4ltnisse an diesem Tag waren derart, dass \u00e4u\u00dferst eingeschr\u00e4nkt die M\u00fcllsammelaktion verwirklicht werden konnte. Zus\u00e4tzlich fanden die &hellip; <a href=\"http:\/\/ac-einigkeit-elmshorn.de\/?p=1113\" class=\"more-link\"><span class=\"screen-reader-text\">&#8222;Aktionen der Boxjugend in 2023!&#8220; <\/span>weiterlesen<\/a><\/p>\n","protected":false},"author":2,"featured_media":0,"comment_status":"closed","ping_status":"closed","sticky":false,"template":"","format":"standard","meta":{"footnotes":""},"categories":[2],"tags":[],"class_list":["post-1113","post","type-post","status-publish","format-standard","hentry","category-nachrichten"],"_links":{"self":[{"href":"http:\/\/ac-einigkeit-elmshorn.de\/index.php?rest_route=\/wp\/v2\/posts\/1113"}],"collection":[{"href":"http:\/\/ac-einigkeit-elmshorn.de\/index.php?rest_route=\/wp\/v2\/posts"}],"about":[{"href":"http:\/\/ac-einigkeit-elmshorn.de\/index.php?rest_route=\/wp\/v2\/types\/post"}],"author":[{"embeddable":true,"href":"http:\/\/ac-einigkeit-elmshorn.de\/index.php?rest_route=\/wp\/v2\/users\/2"}],"replies":[{"embeddable":true,"href":"http:\/\/ac-einigkeit-elmshorn.de\/index.php?rest_route=%2Fwp%2Fv2%2Fcomments&post=1113"}],"version-history":[{"count":1,"href":"http:\/\/ac-einigkeit-elmshorn.de\/index.php?rest_route=\/wp\/v2\/posts\/1113\/revisions"}],"predecessor-version":[{"id":1116,"href":"http:\/\/ac-einigkeit-elmshorn.de\/index.php?rest_route=\/wp\/v2\/posts\/1113\/revisions\/1116"}],"wp:attachment":[{"href":"http:\/\/ac-einigkeit-elmshorn.de\/index.php?rest_route=%2Fwp%2Fv2%2Fmedia&parent=1113"}],"wp:term":[{"taxonomy":"category","embeddable":true,"href":"http:\/\/ac-einigkeit-elmshorn.de\/index.php?rest_route=%2Fwp%2Fv2%2Fcategories&post=1113"},{"taxonomy":"post_tag","embeddable":true,"href":"http:\/\/ac-einigkeit-elmshorn.de\/index.php?rest_route=%2Fwp%2Fv2%2Ftags&post=1113"}],"curies":[{"name":"wp","href":"https:\/\/api.w.org\/{rel}","templated":true}]}}