{"id":1117,"date":"2023-11-25T15:41:15","date_gmt":"2023-11-25T15:41:15","guid":{"rendered":"http:\/\/ac-einigkeit-elmshorn.de\/?p=1117"},"modified":"2023-11-25T15:41:15","modified_gmt":"2023-11-25T15:41:15","slug":"nachruf-zum-totensonntag-2023","status":"publish","type":"post","link":"http:\/\/ac-einigkeit-elmshorn.de\/?p=1117","title":{"rendered":"Nachruf zum Totensonntag 2023"},"content":{"rendered":"<p><!-- @page { margin: 2cm } P { margin-bottom: 0.21cm } --><\/p>\n<p align=\"CENTER\"><span style=\"font-family: Arial, sans-serif\">Wir gedenken allen in der Vergangenheit verstorbenen Mitgliedern.<\/span><\/p>\n<p align=\"CENTER\"><span style=\"font-family: Arial, sans-serif\">An dieser Stelle w\u00fcrdigen wir besonders die in diesem Jahr verstorbenen Sportkameraden:<\/span><\/p>\n<p align=\"CENTER\"><span style=\"font-family: Arial, sans-serif\"><span style=\"font-size: large\"><b>Siegfried Karschau<\/b><\/span><\/span><\/p>\n<p align=\"CENTER\"><span style=\"font-family: Arial, sans-serif\">wurde am 19.08.1951 in Elmshorn geboren und verstarb am 14.04.2023.<\/span><\/p>\n<p align=\"CENTER\"><span style=\"font-family: Arial, sans-serif\">Er lebte die letzten Jahre an der Nordsee.<\/span><\/p>\n<p align=\"CENTER\"><span style=\"font-family: Arial, sans-serif\">Siegfried Karschau trat dem AC Einigkeit Elmshorn am 04.06.1974 als Mitglied bei und bestritt bereits am 21. September desselben Jahres seinen ersten Kampf. Auch wenn er diesen Kampf mit 2:3-Punktrichterstimmen verlor, entwickelte er sich zum Meisterboxer (SHABV-Meister im Senioren-Weltergewicht im Jahre 1979). <\/span><\/p>\n<p align=\"CENTER\"><span style=\"font-family: Arial, sans-serif\">Siegfried Karschau erk\u00e4mpfte den Landesmeistertitel als damaliger Ligaboxer des TSV Uetersen bei fortbestehender Mitgliedschaft im AC Einigkeit. Es ist hervorzuheben, dass er erst der zweite Elmshorner M\u00e4nnerboxer nach dem 2. Weltkrieg war, der einen Landesmeistertitel in dieser Altersklasse schaffte. Den ersten Titel bei den M\u00e4nnern holte Werner Gloszat 1953 im Mittelgewicht der Hamburger Meisterschaften.<\/span><\/p>\n<p align=\"CENTER\"><span style=\"font-family: Arial, sans-serif\">Insgesamt bestritt Siegfried Karschau 100 K\u00e4mpfe!<\/span><\/p>\n<p align=\"CENTER\"><span style=\"font-family: Arial, sans-serif\"><span style=\"font-size: large\"><b>Andreas Schaar<\/b><\/span><\/span><\/p>\n<p align=\"CENTER\"><span style=\"font-family: Arial, sans-serif\">wurde am 16.07.1963 in Elmshorn geboren und verstarb am 03.08.2023 in seiner Heimatstadt.<\/span><\/p>\n<p align=\"CENTER\"><span style=\"font-family: Arial, sans-serif\">Andreas Schaar trat dem AC Einigkeit Elmshorn am 14.05.1981 als Mitglied bei. Er beteiligte sich anfangs ohne Sparring und Wettkampf am sportlichen Programm des Vereins, sp\u00e4ter war er nur noch passives Mitglied.<\/span><\/p>\n<p align=\"CENTER\"><span style=\"font-family: Arial, sans-serif\">Der AC Einigkeit Elmshorn dankt den Verstorbenen f\u00fcr die langj\u00e4hrige Vereinstreue und spricht den Familienangeh\u00f6rigen ein herzliches Beileid aus!<\/span><\/p>\n<p align=\"CENTER\"><span style=\"font-family: Arial, sans-serif\">Wir, insbesondere aber die \u00e4lteren Vereins-<\/span><\/p>\n<p align=\"CENTER\"><span style=\"font-family: Arial, sans-serif\">und Vorstandskollegen, werden Euch<\/span><\/p>\n<p align=\"CENTER\"><span style=\"font-family: Arial, sans-serif\">in guter Erinnerung behalten.<\/span><\/p>\n<p align=\"CENTER\"><span style=\"font-family: Arial, sans-serif\">Hartmut Rex\/1. Vorsitzender<\/span><\/p>\n","protected":false},"excerpt":{"rendered":"<p>Wir gedenken allen in der Vergangenheit verstorbenen Mitgliedern. An dieser Stelle w\u00fcrdigen wir besonders die in diesem Jahr verstorbenen Sportkameraden: Siegfried Karschau wurde am 19.08.1951 in Elmshorn geboren und verstarb am 14.04.2023. Er lebte die letzten Jahre an der Nordsee. Siegfried Karschau trat dem AC Einigkeit Elmshorn am 04.06.1974 als Mitglied bei und bestritt bereits &hellip; <a href=\"http:\/\/ac-einigkeit-elmshorn.de\/?p=1117\" class=\"more-link\"><span class=\"screen-reader-text\">&#8222;Nachruf zum Totensonntag 2023&#8220; <\/span>weiterlesen<\/a><\/p>\n","protected":false},"author":2,"featured_media":0,"comment_status":"closed","ping_status":"closed","sticky":false,"template":"","format":"standard","meta":{"footnotes":""},"categories":[2],"tags":[],"class_list":["post-1117","post","type-post","status-publish","format-standard","hentry","category-nachrichten"],"_links":{"self":[{"href":"http:\/\/ac-einigkeit-elmshorn.de\/index.php?rest_route=\/wp\/v2\/posts\/1117"}],"collection":[{"href":"http:\/\/ac-einigkeit-elmshorn.de\/index.php?rest_route=\/wp\/v2\/posts"}],"about":[{"href":"http:\/\/ac-einigkeit-elmshorn.de\/index.php?rest_route=\/wp\/v2\/types\/post"}],"author":[{"embeddable":true,"href":"http:\/\/ac-einigkeit-elmshorn.de\/index.php?rest_route=\/wp\/v2\/users\/2"}],"replies":[{"embeddable":true,"href":"http:\/\/ac-einigkeit-elmshorn.de\/index.php?rest_route=%2Fwp%2Fv2%2Fcomments&post=1117"}],"version-history":[{"count":2,"href":"http:\/\/ac-einigkeit-elmshorn.de\/index.php?rest_route=\/wp\/v2\/posts\/1117\/revisions"}],"predecessor-version":[{"id":1119,"href":"http:\/\/ac-einigkeit-elmshorn.de\/index.php?rest_route=\/wp\/v2\/posts\/1117\/revisions\/1119"}],"wp:attachment":[{"href":"http:\/\/ac-einigkeit-elmshorn.de\/index.php?rest_route=%2Fwp%2Fv2%2Fmedia&parent=1117"}],"wp:term":[{"taxonomy":"category","embeddable":true,"href":"http:\/\/ac-einigkeit-elmshorn.de\/index.php?rest_route=%2Fwp%2Fv2%2Fcategories&post=1117"},{"taxonomy":"post_tag","embeddable":true,"href":"http:\/\/ac-einigkeit-elmshorn.de\/index.php?rest_route=%2Fwp%2Fv2%2Ftags&post=1117"}],"curies":[{"name":"wp","href":"https:\/\/api.w.org\/{rel}","templated":true}]}}