{"id":619,"date":"2019-02-07T15:33:08","date_gmt":"2019-02-07T15:33:08","guid":{"rendered":"http:\/\/ac-einigkeit-elmshorn.de\/?p=619"},"modified":"2019-02-07T15:33:08","modified_gmt":"2019-02-07T15:33:08","slug":"vergleichskaempfe-anlaesslich-40-jahre-olympia-halle-elmshorn","status":"publish","type":"post","link":"http:\/\/ac-einigkeit-elmshorn.de\/?p=619","title":{"rendered":"Vergleichsk\u00e4mpfe anl\u00e4sslich &#8222;40 Jahre Olympia-Halle Elmshorn&#8220;"},"content":{"rendered":"<p><!-- @page { margin: 2cm } P { margin-bottom: 0.21cm } --><\/p>\n<p><span style=\"font-family: Arial, sans-serif\">F\u00fcr Samstag (09.02.) organisiert der AC Einigkeit Elmshorn (ACE) diverse Vergleichsk\u00e4mpfe zwischen Boxern aus Vereinen der Bundesl\u00e4nder Hamburg, Mecklenburg-Vorpommern, Niedersachsen und Schl.-Holstein. Die MV-Boxer kommen vom TH Eilbeck und Agon aus Hamburg, die beide zu Traktor Schwerin geh\u00f6ren und somit zum Boxverband MV.<\/span><\/p>\n<p><span style=\"font-family: Arial, sans-serif\">Der Kreis Pinneberg ist aktuell mit 10 K\u00e4mpfern vom ACE (Ahmet Ersoy\/12, Muhammad Kabalan\/13, Kevin Kasputtis\/14, Baran \u00d6zdemir\/14, Ermal Demhasaj\/ 15, Erik Khrshoyan\/16, Max Airich\/16, Murat Ersoy\/21, Parwiz Jabarkhil\/20 und Atakan Kocpinar\/20) vertreten.<\/span><\/p>\n<p><span style=\"font-family: Arial, sans-serif\">Alle Altersklassen sind vertreten, ebenso Leistungsklassen vom Deb\u00fctanten bis zum Meisterboxer. Auch ein Frauenkampf ist dabei.<\/span><\/p>\n<p><span style=\"font-family: Arial, sans-serif\">Die Gleichwertigkeit der geplanten K\u00e4mpfe, derzeit 18, verspricht spannenden Sport. F\u00fcr alle Boxer ist gr\u00f6\u00dfte Anstrengung n\u00f6tig, um zu siegen.<\/span><\/p>\n<p><span style=\"font-family: Arial, sans-serif\">Die K\u00e4mpfe finden in der Elmshorner Olympia-Halle, welche dem ACE seit 40 Jahren als Veranstaltungs- und Trainingsst\u00e4tte dient, statt. Beginn ist um 18.00 Uhr. <\/span><\/p>\n<p><span style=\"font-family: Arial, sans-serif\">Zum Ende der ersten sieben K\u00e4mpfe erfolgt durch den KSV Pinneberg die Ehrung der Meisterboxer des Jahres 2018 (Max Airich, Max Degenhardt und Daniel Gerl) und der ACE k\u00fcrt seinen Boxer des Jahres 2018.<\/span><\/p>\n<figure id=\"attachment_618\" aria-describedby=\"caption-attachment-618\" style=\"width: 218px\" class=\"wp-caption aligncenter\"><a href=\"http:\/\/ac-einigkeit-elmshorn.de\/wp-content\/uploads\/2019\/01\/Plakat-f\u00fcr-9.2.2019.jpg\"><img loading=\"lazy\" decoding=\"async\" class=\"size-medium wp-image-618\" src=\"http:\/\/ac-einigkeit-elmshorn.de\/wp-content\/uploads\/2019\/01\/Plakat-f\u00fcr-9.2.2019-218x300.jpg\" alt=\"Plakat f\u00fcr den 9. Febr. 2019\" width=\"218\" height=\"300\" srcset=\"http:\/\/ac-einigkeit-elmshorn.de\/wp-content\/uploads\/2019\/01\/Plakat-f\u00fcr-9.2.2019-218x300.jpg 218w, http:\/\/ac-einigkeit-elmshorn.de\/wp-content\/uploads\/2019\/01\/Plakat-f\u00fcr-9.2.2019-768x1056.jpg 768w, http:\/\/ac-einigkeit-elmshorn.de\/wp-content\/uploads\/2019\/01\/Plakat-f\u00fcr-9.2.2019-745x1024.jpg 745w, http:\/\/ac-einigkeit-elmshorn.de\/wp-content\/uploads\/2019\/01\/Plakat-f\u00fcr-9.2.2019-1200x1650.jpg 1200w, http:\/\/ac-einigkeit-elmshorn.de\/wp-content\/uploads\/2019\/01\/Plakat-f\u00fcr-9.2.2019.jpg 1700w\" sizes=\"(max-width: 218px) 85vw, 218px\" \/><\/a><figcaption id=\"caption-attachment-618\" class=\"wp-caption-text\">Plakat f\u00fcr den 9. Febr. 2019<\/figcaption><\/figure>\n<p><span style=\"font-family: Arial, sans-serif\">Hartmut Rex<\/span><\/p>\n","protected":false},"excerpt":{"rendered":"<p>F\u00fcr Samstag (09.02.) organisiert der AC Einigkeit Elmshorn (ACE) diverse Vergleichsk\u00e4mpfe zwischen Boxern aus Vereinen der Bundesl\u00e4nder Hamburg, Mecklenburg-Vorpommern, Niedersachsen und Schl.-Holstein. Die MV-Boxer kommen vom TH Eilbeck und Agon aus Hamburg, die beide zu Traktor Schwerin geh\u00f6ren und somit zum Boxverband MV. Der Kreis Pinneberg ist aktuell mit 10 K\u00e4mpfern vom ACE (Ahmet Ersoy\/12, &hellip; <a href=\"http:\/\/ac-einigkeit-elmshorn.de\/?p=619\" class=\"more-link\"><span class=\"screen-reader-text\">&#8222;Vergleichsk\u00e4mpfe anl\u00e4sslich &#8222;40 Jahre Olympia-Halle Elmshorn&#8220;&#8220; <\/span>weiterlesen<\/a><\/p>\n","protected":false},"author":2,"featured_media":0,"comment_status":"closed","ping_status":"closed","sticky":false,"template":"","format":"standard","meta":{"footnotes":""},"categories":[2],"tags":[],"class_list":["post-619","post","type-post","status-publish","format-standard","hentry","category-nachrichten"],"_links":{"self":[{"href":"http:\/\/ac-einigkeit-elmshorn.de\/index.php?rest_route=\/wp\/v2\/posts\/619"}],"collection":[{"href":"http:\/\/ac-einigkeit-elmshorn.de\/index.php?rest_route=\/wp\/v2\/posts"}],"about":[{"href":"http:\/\/ac-einigkeit-elmshorn.de\/index.php?rest_route=\/wp\/v2\/types\/post"}],"author":[{"embeddable":true,"href":"http:\/\/ac-einigkeit-elmshorn.de\/index.php?rest_route=\/wp\/v2\/users\/2"}],"replies":[{"embeddable":true,"href":"http:\/\/ac-einigkeit-elmshorn.de\/index.php?rest_route=%2Fwp%2Fv2%2Fcomments&post=619"}],"version-history":[{"count":2,"href":"http:\/\/ac-einigkeit-elmshorn.de\/index.php?rest_route=\/wp\/v2\/posts\/619\/revisions"}],"predecessor-version":[{"id":621,"href":"http:\/\/ac-einigkeit-elmshorn.de\/index.php?rest_route=\/wp\/v2\/posts\/619\/revisions\/621"}],"wp:attachment":[{"href":"http:\/\/ac-einigkeit-elmshorn.de\/index.php?rest_route=%2Fwp%2Fv2%2Fmedia&parent=619"}],"wp:term":[{"taxonomy":"category","embeddable":true,"href":"http:\/\/ac-einigkeit-elmshorn.de\/index.php?rest_route=%2Fwp%2Fv2%2Fcategories&post=619"},{"taxonomy":"post_tag","embeddable":true,"href":"http:\/\/ac-einigkeit-elmshorn.de\/index.php?rest_route=%2Fwp%2Fv2%2Ftags&post=619"}],"curies":[{"name":"wp","href":"https:\/\/api.w.org\/{rel}","templated":true}]}}